{"id":1323,"date":"2023-02-26T11:58:09","date_gmt":"2023-02-26T11:58:09","guid":{"rendered":"https:\/\/www.ermenswil.ch\/?p=1323"},"modified":"2023-06-15T20:03:38","modified_gmt":"2023-06-15T20:03:38","slug":"fasnacht-2023-2","status":"publish","type":"post","link":"https:\/\/www.ermenswil.ch\/index.php\/2023\/02\/26\/fasnacht-2023-2\/","title":{"rendered":"Fasnacht 2023"},"content":{"rendered":"\n<p>Die Fasnacht 2023 war ein voller Erfolg.<\/p>\n\n\n\n<p>Vielen Dank den Sponsoren, speziell zu erw\u00e4hnen sind :<br><a href=\"https:\/\/www.schneiderbus.ch\/\" target=\"_blank\" rel=\"noreferrer noopener\">Schneider Busbetriebe<\/a><br><a href=\"https:\/\/www.raiffeisen.ch\/am-ricken\/de.html\" target=\"_blank\" rel=\"noreferrer noopener\">Raiffeisenbank am Ricken<br><\/a><a href=\"https:\/\/beck-baechtiger.ch\/\" target=\"_blank\" rel=\"noreferrer noopener\">B\u00e4ckerei B\u00e4chtiger<br><\/a><a href=\"https:\/\/www.egli.ch\/\" target=\"_blank\" rel=\"noreferrer noopener\">Elektro Egli<\/a><\/p>\n\n\n\nngg_shortcode_0_placeholder\n","protected":false},"excerpt":{"rendered":"<p>Die Fasnacht 2023 war ein voller Erfolg. Vielen Dank den Sponsoren, speziell zu erw\u00e4hnen sind :Schneider BusbetriebeRaiffeisenbank am RickenB\u00e4ckerei B\u00e4chtigerElektro Egli<\/p>\n","protected":false},"author":1,"featured_media":1355,"comment_status":"closed","ping_status":"closed","sticky":false,"template":"","format":"standard","meta":{"ngg_post_thumbnail":0,"footnotes":""},"categories":[7,51],"tags":[],"class_list":["post-1323","post","type-post","status-publish","format-standard","has-post-thumbnail","hentry","category-fotos","category-fotos-2023"],"publishpress_future_action":{"enabled":false,"date":"2026-05-07 22:04:41","action":"change-status","newStatus":"draft","terms":[],"taxonomy":"category","extraData":[]},"publishpress_future_workflow_manual_trigger":{"enabledWorkflows":[]},"_links":{"self":[{"href":"https:\/\/www.ermenswil.ch\/index.php\/wp-json\/wp\/v2\/posts\/1323","targetHints":{"allow":["GET"]}}],"collection":[{"href":"https:\/\/www.ermenswil.ch\/index.php\/wp-json\/wp\/v2\/posts"}],"about":[{"href":"https:\/\/www.ermenswil.ch\/index.php\/wp-json\/wp\/v2\/types\/post"}],"author":[{"embeddable":true,"href":"https:\/\/www.ermenswil.ch\/index.php\/wp-json\/wp\/v2\/users\/1"}],"replies":[{"embeddable":true,"href":"https:\/\/www.ermenswil.ch\/index.php\/wp-json\/wp\/v2\/comments?post=1323"}],"version-history":[{"count":7,"href":"https:\/\/www.ermenswil.ch\/index.php\/wp-json\/wp\/v2\/posts\/1323\/revisions"}],"predecessor-version":[{"id":1460,"href":"https:\/\/www.ermenswil.ch\/index.php\/wp-json\/wp\/v2\/posts\/1323\/revisions\/1460"}],"wp:featuredmedia":[{"embeddable":true,"href":"https:\/\/www.ermenswil.ch\/index.php\/wp-json\/wp\/v2\/media\/1355"}],"wp:attachment":[{"href":"https:\/\/www.ermenswil.ch\/index.php\/wp-json\/wp\/v2\/media?parent=1323"}],"wp:term":[{"taxonomy":"category","embeddable":true,"href":"https:\/\/www.ermenswil.ch\/index.php\/wp-json\/wp\/v2\/categories?post=1323"},{"taxonomy":"post_tag","embeddable":true,"href":"https:\/\/www.ermenswil.ch\/index.php\/wp-json\/wp\/v2\/tags?post=1323"}],"curies":[{"name":"wp","href":"https:\/\/api.w.org\/{rel}","templated":true}]}}